{"id":92,"date":"2013-03-18T22:54:27","date_gmt":"2013-03-18T21:54:27","guid":{"rendered":"http:\/\/blog.stefan-noebel.de\/?p=92"},"modified":"2025-07-11T22:08:10","modified_gmt":"2025-07-11T20:08:10","slug":"openstreetmap-im-rila-gebirge","status":"publish","type":"post","link":"https:\/\/blog.stefan-noebel.de\/?p=92","title":{"rendered":"OpenStreetMap im Rila-Gebirge"},"content":{"rendered":"<p>Trotz des ausgepr\u00e4gten Wandertourismus im <a title=\"Wintertour im Rila-Gebirge (Bulgarien)\" href=\"https:\/\/blog.stefan-noebel.de\/?p=80\" target=\"_blank\">Rila-Gebirge<\/a> ist die Abdeckung in <a title=\"OpenStreetMap\" href=\"http:\/\/www.openstreetmap.org\/\" target=\"_blank\">OpenStreetMap<\/a> eher \u00fcberschaubar. F\u00fcr die Tourenplanung und w\u00e4hrend der Tour haben wir ebenfalls die OpenStreetMap-Daten auf einem Garmin-Ger\u00e4t genutzt. Die Abdeckung mit Wanderwegen, eingetragen als einfache Pfade und Feld-\/Waldweg, war schon sehr gut. Es fehlte jedoch komplett die Auszeichnung als Wanderwege und die Zuordnung zum lokalen bzw. internationalen Wanderwegenetz. Offensichtlich wurden die Daten anhand einer anderen Datenbasis automatisch nach OpenStreetMap \u00fcbertragen: Die Punktdichte war extrem hoch, andererseits entsprach der Wegverlauf an einigen Stellen weder den Luftbildaufnahmen noch den von uns aufgezeichneten GPS Daten. Soweit von uns erwandert, sind nun die Wanderwege der vorhandenen Markierung zugeordnet. Den internationalen Fernwanderweg E4 konnte ich zumindest f\u00fcr die Passage \u00fcber den Gebirgsr\u00fccken erg\u00e4nzen.<\/p>\n<p><a href=\"https:\/\/blog.stefan-noebel.de\/wp-content\/uploads\/2013\/03\/map.png\"><img loading=\"lazy\" decoding=\"async\" class=\"aligncenter size-full wp-image-95\" alt=\"osm_iskarvalley\" src=\"https:\/\/blog.stefan-noebel.de\/wp-content\/uploads\/2013\/03\/map.png\" width=\"1700\" height=\"1045\" srcset=\"https:\/\/blog.stefan-noebel.de\/wp-content\/uploads\/2013\/03\/map.png 1700w, https:\/\/blog.stefan-noebel.de\/wp-content\/uploads\/2013\/03\/map-300x184.png 300w, https:\/\/blog.stefan-noebel.de\/wp-content\/uploads\/2013\/03\/map-1024x629.png 1024w, https:\/\/blog.stefan-noebel.de\/wp-content\/uploads\/2013\/03\/map-488x300.png 488w\" sizes=\"auto, (max-width: 1700px) 100vw, 1700px\" \/><\/a><\/p>\n<p>Als weiterer Nachteil in der Darstellung des Rila-Gebirges in OpenStreetmap stellt sich heraus, dass der komplette Gebirgszug mit nur einem Multipolygon als \u00e4u\u00dfere Umrandung erfasst wurde. Die gesamte Fl\u00e4che wurde als Waldgebiet (landuse=forest) getaggt. Dadurch werden alle innen liegenden Fl\u00e4che, ob Ortschaften oder landwirtschaftliche Nutzfl\u00e4che, ebenfalls als einheitliche Waldfl\u00e4che gerendert. Ich habe f\u00fcr die von uns erwanderte <a href=\"http:\/\/www.openstreetmap.org\/?lat=42.2704&amp;lon=23.5555&amp;zoom=14&amp;layers=M\">Iskar-Tal<\/a> angefangen die innen liegenden Fl\u00e4che auszuschneiden und deren korrekte Landnutzung zu erg\u00e4nzen.<\/p>\n","protected":false},"excerpt":{"rendered":"<p>Trotz des ausgepr\u00e4gten Wandertourismus im Rila-Gebirge ist die Abdeckung in OpenStreetMap eher \u00fcberschaubar. F\u00fcr die Tourenplanung und w\u00e4hrend der Tour haben wir ebenfalls die OpenStreetMap-Daten auf einem Garmin-Ger\u00e4t genutzt. Die Abdeckung mit Wanderwegen, eingetragen als einfache Pfade und Feld-\/Waldweg, war &hellip; <a href=\"https:\/\/blog.stefan-noebel.de\/?p=92\">Weiterlesen <span class=\"meta-nav\">&rarr;<\/span><\/a><\/p>\n","protected":false},"author":2,"featured_media":0,"comment_status":"closed","ping_status":"open","sticky":false,"template":"","format":"standard","meta":{"ngg_post_thumbnail":0,"footnotes":""},"categories":[1],"tags":[],"class_list":["post-92","post","type-post","status-publish","format-standard","hentry","category-allgemein"],"_links":{"self":[{"href":"https:\/\/blog.stefan-noebel.de\/index.php?rest_route=\/wp\/v2\/posts\/92","targetHints":{"allow":["GET"]}}],"collection":[{"href":"https:\/\/blog.stefan-noebel.de\/index.php?rest_route=\/wp\/v2\/posts"}],"about":[{"href":"https:\/\/blog.stefan-noebel.de\/index.php?rest_route=\/wp\/v2\/types\/post"}],"author":[{"embeddable":true,"href":"https:\/\/blog.stefan-noebel.de\/index.php?rest_route=\/wp\/v2\/users\/2"}],"replies":[{"embeddable":true,"href":"https:\/\/blog.stefan-noebel.de\/index.php?rest_route=%2Fwp%2Fv2%2Fcomments&post=92"}],"version-history":[{"count":5,"href":"https:\/\/blog.stefan-noebel.de\/index.php?rest_route=\/wp\/v2\/posts\/92\/revisions"}],"predecessor-version":[{"id":114,"href":"https:\/\/blog.stefan-noebel.de\/index.php?rest_route=\/wp\/v2\/posts\/92\/revisions\/114"}],"wp:attachment":[{"href":"https:\/\/blog.stefan-noebel.de\/index.php?rest_route=%2Fwp%2Fv2%2Fmedia&parent=92"}],"wp:term":[{"taxonomy":"category","embeddable":true,"href":"https:\/\/blog.stefan-noebel.de\/index.php?rest_route=%2Fwp%2Fv2%2Fcategories&post=92"},{"taxonomy":"post_tag","embeddable":true,"href":"https:\/\/blog.stefan-noebel.de\/index.php?rest_route=%2Fwp%2Fv2%2Ftags&post=92"}],"curies":[{"name":"wp","href":"https:\/\/api.w.org\/{rel}","templated":true}]}}