{"id":465,"date":"2014-10-12T21:27:57","date_gmt":"2014-10-12T20:27:57","guid":{"rendered":"http:\/\/blog.stefan-noebel.de\/?p=465"},"modified":"2025-07-11T22:08:09","modified_gmt":"2025-07-11T20:08:09","slug":"wasser-und-hoehle-auf-der-schwaebischen-alb","status":"publish","type":"post","link":"https:\/\/blog.stefan-noebel.de\/?p=465","title":{"rendered":"Wasser und H\u00f6hle auf der Schw\u00e4bischen Alb"},"content":{"rendered":"<p>Trotz des recht feuchten Sommers 2014 sind wir auch dieses Jahr f\u00fcr eine Wochenendexkursion zu (Wasser-)H\u00f6hlen auf der Schw\u00e4bsichen Alb aufgebrochen. Und davon gab es reichlich, sodass insbesondere in der Falkensteiner H\u00f6hle f\u00fcr uns schon am ersten Siphon\u00a0verschlossen war. Eigentlich als Highlight f\u00fcr die zahlreich vom <a title=\"Einseiltechnik zur H\u00f6hlenbefahrung\" href=\"http:\/\/www.usz.tu-dresden.de\/sportarten\/aktueller_zeitraum\/_Hoehlenbefahrung.html\" target=\"_blank\">Kurs &#8222;Einseiltechnik zur H\u00f6hlenbefahrung&#8220;<\/a> angereisten Dresdner, schwenkten wir lieber auf die Gustav-Jakob-H\u00f6hle und Ro\u00dfgallschacht um, bei deutlich angenehmeren Wasserstand.<\/p>\nngg_shortcode_0_placeholder\n<p>Damit waren eher Schachth\u00f6hlen angesagt und wir\u00a0machten uns auf die Suche nach dem Mundloch\u00a0des Eichbergschachts. Der versprochen See im gr\u00f6\u00dften Raum war leider entgegen der sonstigen Wassermengen trocken, aber die Verbruchr\u00e4ume und der Abstieg selbst sehenswert. Als weitere Schachth\u00f6hle wurde der Todtsburger Schacht befahren, der in unmittelbarer N\u00e4he zur <a title=\"Wikipedia: Neubaustrecke Ulm-Wendlingen\" href=\"http:\/\/de.wikipedia.org\/wiki\/Neubaustrecke_Wendlingen%E2%80%93Ulm\" target=\"_blank\">Eisenbahn-Neubaustrecke Ulm-Wendlingen<\/a> liegt und vielleicht in den kommenden Jahren nicht mehr einfach zug\u00e4nglich sein wird. Leider scheiterte der Direktabstieg an unseren K\u00f6rperma\u00dfen, wobei auch der normale Abstieg in die untere Halle die ein oder andere spa\u00dfige, engere Stelle bereith\u00e4lt.<\/p>\n","protected":false},"excerpt":{"rendered":"<p>Trotz des recht feuchten Sommers 2014 sind wir auch dieses Jahr f\u00fcr eine Wochenendexkursion zu (Wasser-)H\u00f6hlen auf der Schw\u00e4bsichen Alb aufgebrochen. Und davon gab es reichlich, sodass insbesondere in der Falkensteiner H\u00f6hle f\u00fcr uns schon am ersten Siphon\u00a0verschlossen war. Eigentlich &hellip; <a href=\"https:\/\/blog.stefan-noebel.de\/?p=465\">Weiterlesen <span class=\"meta-nav\">&rarr;<\/span><\/a><\/p>\n","protected":false},"author":2,"featured_media":0,"comment_status":"closed","ping_status":"open","sticky":false,"template":"","format":"standard","meta":{"ngg_post_thumbnail":0,"footnotes":""},"categories":[1],"tags":[],"class_list":["post-465","post","type-post","status-publish","format-standard","hentry","category-allgemein"],"_links":{"self":[{"href":"https:\/\/blog.stefan-noebel.de\/index.php?rest_route=\/wp\/v2\/posts\/465","targetHints":{"allow":["GET"]}}],"collection":[{"href":"https:\/\/blog.stefan-noebel.de\/index.php?rest_route=\/wp\/v2\/posts"}],"about":[{"href":"https:\/\/blog.stefan-noebel.de\/index.php?rest_route=\/wp\/v2\/types\/post"}],"author":[{"embeddable":true,"href":"https:\/\/blog.stefan-noebel.de\/index.php?rest_route=\/wp\/v2\/users\/2"}],"replies":[{"embeddable":true,"href":"https:\/\/blog.stefan-noebel.de\/index.php?rest_route=%2Fwp%2Fv2%2Fcomments&post=465"}],"version-history":[{"count":5,"href":"https:\/\/blog.stefan-noebel.de\/index.php?rest_route=\/wp\/v2\/posts\/465\/revisions"}],"predecessor-version":[{"id":472,"href":"https:\/\/blog.stefan-noebel.de\/index.php?rest_route=\/wp\/v2\/posts\/465\/revisions\/472"}],"wp:attachment":[{"href":"https:\/\/blog.stefan-noebel.de\/index.php?rest_route=%2Fwp%2Fv2%2Fmedia&parent=465"}],"wp:term":[{"taxonomy":"category","embeddable":true,"href":"https:\/\/blog.stefan-noebel.de\/index.php?rest_route=%2Fwp%2Fv2%2Fcategories&post=465"},{"taxonomy":"post_tag","embeddable":true,"href":"https:\/\/blog.stefan-noebel.de\/index.php?rest_route=%2Fwp%2Fv2%2Ftags&post=465"}],"curies":[{"name":"wp","href":"https:\/\/api.w.org\/{rel}","templated":true}]}}