{"id":116,"date":"2013-06-16T12:30:32","date_gmt":"2013-06-16T11:30:32","guid":{"rendered":"http:\/\/blog.stefan-noebel.de\/?p=116"},"modified":"2025-07-11T22:08:10","modified_gmt":"2025-07-11T20:08:10","slug":"openstreetmap-an-der-ardeche","status":"publish","type":"post","link":"https:\/\/blog.stefan-noebel.de\/?p=116","title":{"rendered":"OpenStreetMap an der Ard\u00e8che"},"content":{"rendered":"<p>Die <a title=\"OpenStreetMap\" href=\"http:\/\/www.openstreetmap.org\/\" target=\"_blank\">OpenStreetMap<\/a>-Abdeckung der beiden D\u00e9partements Ard\u00e8che und Gard, auf deren Fl\u00e4che sich die meisten von uns <a title=\"H\u00f6hlen an der Ard\u00e8che\" href=\"https:\/\/blog.stefan-noebel.de\/?p=101\" target=\"_blank\">besuchten H\u00f6hlen<\/a> befinden, stagniert seit Jahren. Es wurden analog zu <a title=\"OpenStreetMap im Rila-Gebirge\" href=\"https:\/\/blog.stefan-noebel.de\/?p=92\" target=\"_blank\">Bulgarien<\/a> haupts\u00e4chlich Daten des <a title=\"CORINE Land Cover\" href=\"http:\/\/de.wikipedia.org\/wiki\/CORINE_Land_Cover\" target=\"_blank\">CORINE Land Cover<\/a> Projekts automatisiert hinzugef\u00fcgt. Die Landnutzung, z.B. in der Landwirtschaft, wird eher grob und gro\u00dffl\u00e4chig erfasst. So wird aus der gesamten landwirtschaftliche Nutzfl\u00e4che rund um Barjac ein Weinbaugebiet. Tats\u00e4chlich liegt eine Mischnutzung mit Weideland und Ackerbau vor.<\/p>\n<p><a href=\"https:\/\/blog.stefan-noebel.de\/wp-content\/uploads\/2013\/05\/osm_barjac.png\"><img loading=\"lazy\" decoding=\"async\" class=\"aligncenter size-full wp-image-117\" alt=\"osm_barjac\" src=\"https:\/\/blog.stefan-noebel.de\/wp-content\/uploads\/2013\/05\/osm_barjac.png\" width=\"1671\" height=\"1259\" srcset=\"https:\/\/blog.stefan-noebel.de\/wp-content\/uploads\/2013\/05\/osm_barjac.png 1671w, https:\/\/blog.stefan-noebel.de\/wp-content\/uploads\/2013\/05\/osm_barjac-300x226.png 300w, https:\/\/blog.stefan-noebel.de\/wp-content\/uploads\/2013\/05\/osm_barjac-1024x771.png 1024w, https:\/\/blog.stefan-noebel.de\/wp-content\/uploads\/2013\/05\/osm_barjac-398x300.png 398w\" sizes=\"auto, (max-width: 1671px) 100vw, 1671px\" \/><\/a><\/p>\n<p>Andererseits ist so zwar die Landnutzung abgedeckt, jedoch fehlt einige Infrastruktur. Stra\u00dfen, insbesondere innerorts, sind nur rudiment\u00e4r erfasst und h\u00e4ufig nicht klassifiziert, sodass ein darauf aufbauendes Routing nicht funktionieren wird. Zur richtigen Klassifizierung des f\u00fcr S\u00fcdfrankreich typischen Strauchlands (frz.: garrique) bzw. Machie (frz.: maquis) gibt es leider keine eindeutige Empfehlung im OpenStreetMap Wiki. Ich tagge es zumeist als landuse=scrub, da es sich weder um offenes Grasland noch um einen Forst oder gar Prim\u00e4rwald handelt.<\/p>\n<p>Durch zahlreiche Touren in letzten Jahren konnte ich den Datenbestand rund um Vallon-Pont-d\u2019Arc, Barjac und\u00a0M\u00e9jannes-le-Clap stetig erg\u00e4nzen. Dies beschr\u00e4nkt sich jedoch auf ein paar interessante Orte, per GPS aufgezeichnete Wanderwege und\u00a0einzelne Siedlungen, f\u00fcr die ausreichend aufgel\u00f6ste Luftbilder vorliegen.<\/p>\n","protected":false},"excerpt":{"rendered":"<p>Die OpenStreetMap-Abdeckung der beiden D\u00e9partements Ard\u00e8che und Gard, auf deren Fl\u00e4che sich die meisten von uns besuchten H\u00f6hlen befinden, stagniert seit Jahren. Es wurden analog zu Bulgarien haupts\u00e4chlich Daten des CORINE Land Cover Projekts automatisiert hinzugef\u00fcgt. Die Landnutzung, z.B. in &hellip; <a href=\"https:\/\/blog.stefan-noebel.de\/?p=116\">Weiterlesen <span class=\"meta-nav\">&rarr;<\/span><\/a><\/p>\n","protected":false},"author":2,"featured_media":0,"comment_status":"closed","ping_status":"open","sticky":false,"template":"","format":"standard","meta":{"ngg_post_thumbnail":0,"footnotes":""},"categories":[1],"tags":[],"class_list":["post-116","post","type-post","status-publish","format-standard","hentry","category-allgemein"],"_links":{"self":[{"href":"https:\/\/blog.stefan-noebel.de\/index.php?rest_route=\/wp\/v2\/posts\/116","targetHints":{"allow":["GET"]}}],"collection":[{"href":"https:\/\/blog.stefan-noebel.de\/index.php?rest_route=\/wp\/v2\/posts"}],"about":[{"href":"https:\/\/blog.stefan-noebel.de\/index.php?rest_route=\/wp\/v2\/types\/post"}],"author":[{"embeddable":true,"href":"https:\/\/blog.stefan-noebel.de\/index.php?rest_route=\/wp\/v2\/users\/2"}],"replies":[{"embeddable":true,"href":"https:\/\/blog.stefan-noebel.de\/index.php?rest_route=%2Fwp%2Fv2%2Fcomments&post=116"}],"version-history":[{"count":12,"href":"https:\/\/blog.stefan-noebel.de\/index.php?rest_route=\/wp\/v2\/posts\/116\/revisions"}],"predecessor-version":[{"id":130,"href":"https:\/\/blog.stefan-noebel.de\/index.php?rest_route=\/wp\/v2\/posts\/116\/revisions\/130"}],"wp:attachment":[{"href":"https:\/\/blog.stefan-noebel.de\/index.php?rest_route=%2Fwp%2Fv2%2Fmedia&parent=116"}],"wp:term":[{"taxonomy":"category","embeddable":true,"href":"https:\/\/blog.stefan-noebel.de\/index.php?rest_route=%2Fwp%2Fv2%2Fcategories&post=116"},{"taxonomy":"post_tag","embeddable":true,"href":"https:\/\/blog.stefan-noebel.de\/index.php?rest_route=%2Fwp%2Fv2%2Ftags&post=116"}],"curies":[{"name":"wp","href":"https:\/\/api.w.org\/{rel}","templated":true}]}}